{"id":1102,"date":"2020-01-20T11:10:13","date_gmt":"2020-01-20T10:10:13","guid":{"rendered":"https:\/\/irla.cat\/casairla\/?p=1102"},"modified":"2020-01-20T11:11:24","modified_gmt":"2020-01-20T10:11:24","slug":"joan-b-culla-presenta-el-seu-nou-llibre-la-historia-viscuda","status":"publish","type":"post","link":"https:\/\/irla.cat\/casairla\/2020\/01\/20\/joan-b-culla-presenta-el-seu-nou-llibre-la-historia-viscuda\/","title":{"rendered":"Joan B. Culla presenta el seu nou llibre &#8220;La hist\u00f2ria viscuda&#8221;"},"content":{"rendered":"\n<div>El proper dissabte dia\u00a025 de gener a les 19 h a la\u00a0<span class=\"il\">Casa<\/span>\u00a0<span class=\"il\">Irla<\/span> de Sant Feliu de Gu\u00edxols presentem el llibre &#8220;La hist\u00f2ria viscuda&#8221; del periodista i escriptor Joan B. Culla.<\/div>\n<div>\u00a0<\/div>\n<div>\n<div>L\u2019historiador Joan B. Culla ha tingut una vida activa, encuriosida i densa de relacions.<\/div>\n<div>\u00a0<\/div>\n<div>Des dels seus or\u00edgens de classe treballadora al barri del Poblenou fins a la intimitat amb gegants de la nostra hist\u00f2ria recent, com Josep Tarradellas (aqu\u00ed va con\u00e8ixer als vint-i-dos anys, a l\u2019exili) o Jordi Pujol (de qui ha estat tena\u00e7 esp\u00e0rring al llarg de quatre d\u00e8cades), passant per la seva activitat en els mitjans de comunicaci\u00f3 al costat de Josep Cun\u00ed, d\u2019Antoni Bassas o de M\u00f2nica Terribas, la seva relaci\u00f3 amb Israel, el soroll\u00f3s ad\u00e9u a El Pa\u00eds despr\u00e9s de m\u00e9s de trenta anys de col\u00b7laboraci\u00f3, la vinculaci\u00f3 hist\u00f2rica amb TV3, la relaci\u00f3 amb pol\u00edtics tan diversos com Pasqual Maragall, Josep-Llu\u00eds Carod-Rovira, Jorge Fern\u00e1ndez D\u00edaz i un llarg etc\u00e8tera, o amb grans historiadors com Pierre Vilar.<\/div>\n<div>\u00a0<\/div>\n<div>Tot plegat fa de la hist\u00f2ria viscuda pel nostre autor un personal reflex de la hist\u00f2ria col\u00b7lectiva d\u2019aquest pa\u00eds i d\u2019una Europa en moviment continu, que ha conegut en moments i escenaris clau.<\/div>\n<\/div>\n<div>\u00a0<\/div>\n<div>Joan B. Culla i Clar\u00e0 (Barcelona, 1952) exerceix, des de fa quatre d\u00e8cades, de professor d\u2019hist\u00f2ria contempor\u00e0nia a les facultats de Comunicaci\u00f3 i de Lletres de la Universitat Aut\u00f2noma de Barcelona.<\/div>\n<div>\u00a0<\/div>\n<div>Autor de sengles hist\u00f2ries d\u2019Uni\u00f3 Democr\u00e0tica, del Partit Popular catal\u00e0 i d\u2019Esquerra Republicana, coordinador d\u2019una hist\u00f2ria de Converg\u00e8ncia, ha assistit des del 1981 a la pr\u00e0ctica totalitat dels congressos dels partits pol\u00edtics catalans i n\u2019ha analitzat l\u2019evoluci\u00f3 a trav\u00e9s de centenars d\u2019articles de premsa apareguts principalment als diaris Avui, El Pa\u00eds i Ara.<\/div>\n<div>\u00a0<\/div>\n<div>\u00c9s tamb\u00e9 un participant assidu a les tert\u00falies d\u2019actualitat de Catalunya R\u00e0dio i TV3.<\/div>\n<div>\u00a0<\/div>\n","protected":false},"excerpt":{"rendered":"<p>roper dissabte dia\u00a025 de gener a les 19 h a la\u00a0Casa\u00a0Irla de Sant Feliu de Gu\u00edxols presentem el llibre &#8220;La hist\u00f2ria viscuda&#8221; del periodista i escriptor Joan B. Culla.<\/p>\n","protected":false},"author":1,"featured_media":1104,"comment_status":"closed","ping_status":"closed","sticky":false,"template":"","format":"standard","meta":{"footnotes":""},"categories":[1],"tags":[],"class_list":["post-1102","post","type-post","status-publish","format-standard","has-post-thumbnail","hentry","category-general"],"_links":{"self":[{"href":"https:\/\/irla.cat\/casairla\/wp-json\/wp\/v2\/posts\/1102","targetHints":{"allow":["GET"]}}],"collection":[{"href":"https:\/\/irla.cat\/casairla\/wp-json\/wp\/v2\/posts"}],"about":[{"href":"https:\/\/irla.cat\/casairla\/wp-json\/wp\/v2\/types\/post"}],"author":[{"embeddable":true,"href":"https:\/\/irla.cat\/casairla\/wp-json\/wp\/v2\/users\/1"}],"replies":[{"embeddable":true,"href":"https:\/\/irla.cat\/casairla\/wp-json\/wp\/v2\/comments?post=1102"}],"version-history":[{"count":3,"href":"https:\/\/irla.cat\/casairla\/wp-json\/wp\/v2\/posts\/1102\/revisions"}],"predecessor-version":[{"id":1106,"href":"https:\/\/irla.cat\/casairla\/wp-json\/wp\/v2\/posts\/1102\/revisions\/1106"}],"wp:featuredmedia":[{"embeddable":true,"href":"https:\/\/irla.cat\/casairla\/wp-json\/wp\/v2\/media\/1104"}],"wp:attachment":[{"href":"https:\/\/irla.cat\/casairla\/wp-json\/wp\/v2\/media?parent=1102"}],"wp:term":[{"taxonomy":"category","embeddable":true,"href":"https:\/\/irla.cat\/casairla\/wp-json\/wp\/v2\/categories?post=1102"},{"taxonomy":"post_tag","embeddable":true,"href":"https:\/\/irla.cat\/casairla\/wp-json\/wp\/v2\/tags?post=1102"}],"curies":[{"name":"wp","href":"https:\/\/api.w.org\/{rel}","templated":true}]}}