{"id":110,"date":"2013-11-03T15:46:28","date_gmt":"2013-11-03T14:46:28","guid":{"rendered":"http:\/\/www.irla.cat\/casairla\/?p=110"},"modified":"2017-03-15T00:39:21","modified_gmt":"2017-03-14T23:39:21","slug":"nit-de-tangos-nombres-de-mujer","status":"publish","type":"post","link":"https:\/\/irla.cat\/casairla\/2013\/11\/03\/nit-de-tangos-nombres-de-mujer\/","title":{"rendered":"Nit de Tangos: &#8220;Nombres de mujer&#8221;"},"content":{"rendered":"<p>Aquest dissabte 9 de novembre a les 22:30h, farem a la Casa Irla per primera vegada un recital de tangos de la m\u00e0 d\u2019\u00c0ngel Cerdanya, m\u00e9s conegut com \u201cEl Sueco\u201d.<!--more--><\/p>\n<p>Amb el t\u00edtol \u201cNombres de mujer\u201d ens presenten un cabaret literari on es barregen textos i can\u00e7ons: textos que es canten i can\u00e7ons que es diuen, versos que parlen de dones, melodies que s\u2019inspiren en dones&#8230;Hi trobarem diferents estils i g\u00e8neres; principalment tangos, per\u00f2 tamb\u00e9 vals, algun fox-trot, cha-cha, rumba, copla, milonga, samba o havanera&#8230; diferents estils i un denominador com\u00fa: les dones i els seus noms.<\/p>\n<p>Cada can\u00e7\u00f3 parla, de una forma o una altra, d\u2019una dona, d\u2019un grup de dones o d\u2019un tipus o ideal de dona&#8230; Algunes parlen de dones que van existir realment (Malena, Alfonsina, La Teresa). D\u2019altres expliquen una historia fict\u00edcia en la qual la protagonista \u00e9s una dona (Madame Ivonne) i en d\u2019altres, un home parla d\u2019una dona i els seus sentiments envers ella (Teresita, Margot, Malena, Nelly).<\/p>\n<p>Hi ha can\u00e7ons c\u00f2miques i lleugeres (Chorra, Capullito de Alel\u00ed, Enriqueta) i d\u2019altres melanc\u00f2liques o potser, nom\u00e9s potser, tristes (Rosina). Algunes es refereixen a dones misterioses (Mona Lisa, Laura) i a d\u2019altres el t\u00edtol no \u00e9s un nom, sin\u00f3 una descripci\u00f3 (La Ni\u00f1a de la Estaci\u00f3n, Rubias de Nueva York) o una situaci\u00f3 (En la Puerta de la Gloria se Presentan Tres Mujeres).<\/p>\n<p>Podeu reservar-vos una taula i fer un bon sopar de taverna amb bona companyia i bona m\u00fasica. Truqueu al tel\u00e8fon: 689.02.01.09, i parlareu amb en Jaume.<\/p>\n","protected":false},"excerpt":{"rendered":"<p>Aquest dissabte 9 de novembre a les 22:30h, farem a la Casa Irla per primera vegada un recital de tangos<\/p>\n","protected":false},"author":1,"featured_media":190,"comment_status":"open","ping_status":"open","sticky":false,"template":"template-centered.php","format":"standard","meta":{"footnotes":""},"categories":[1],"tags":[],"class_list":["post-110","post","type-post","status-publish","format-standard","has-post-thumbnail","hentry","category-general"],"_links":{"self":[{"href":"https:\/\/irla.cat\/casairla\/wp-json\/wp\/v2\/posts\/110","targetHints":{"allow":["GET"]}}],"collection":[{"href":"https:\/\/irla.cat\/casairla\/wp-json\/wp\/v2\/posts"}],"about":[{"href":"https:\/\/irla.cat\/casairla\/wp-json\/wp\/v2\/types\/post"}],"author":[{"embeddable":true,"href":"https:\/\/irla.cat\/casairla\/wp-json\/wp\/v2\/users\/1"}],"replies":[{"embeddable":true,"href":"https:\/\/irla.cat\/casairla\/wp-json\/wp\/v2\/comments?post=110"}],"version-history":[{"count":1,"href":"https:\/\/irla.cat\/casairla\/wp-json\/wp\/v2\/posts\/110\/revisions"}],"predecessor-version":[{"id":112,"href":"https:\/\/irla.cat\/casairla\/wp-json\/wp\/v2\/posts\/110\/revisions\/112"}],"wp:featuredmedia":[{"embeddable":true,"href":"https:\/\/irla.cat\/casairla\/wp-json\/wp\/v2\/media\/190"}],"wp:attachment":[{"href":"https:\/\/irla.cat\/casairla\/wp-json\/wp\/v2\/media?parent=110"}],"wp:term":[{"taxonomy":"category","embeddable":true,"href":"https:\/\/irla.cat\/casairla\/wp-json\/wp\/v2\/categories?post=110"},{"taxonomy":"post_tag","embeddable":true,"href":"https:\/\/irla.cat\/casairla\/wp-json\/wp\/v2\/tags?post=110"}],"curies":[{"name":"wp","href":"https:\/\/api.w.org\/{rel}","templated":true}]}}