{"id":1047,"date":"2020-01-14T09:00:00","date_gmt":"2020-01-14T08:00:00","guid":{"rendered":"https:\/\/irla.cat\/casairla\/?p=1047"},"modified":"2020-01-14T11:52:53","modified_gmt":"2020-01-14T10:52:53","slug":"diumenge-de-musica-amb-sotrac","status":"publish","type":"post","link":"https:\/\/irla.cat\/casairla\/2020\/01\/14\/diumenge-de-musica-amb-sotrac\/","title":{"rendered":"Diumenge de m\u00fasica i vermut al Bar Casa Irla amb Sotrac"},"content":{"rendered":"\n<p>La banda de pop-rock Sotrac va actuar el passat diumenge al migdia a la Casa Irla amenitzant per aix\u00ed els vermuts que es poden gaudir al Bar Casa Irla.<\/p>\n<p>Despr\u00e9s d\u2019haver presentat &#8220;Sota el Roure&#8221; per diferents espais del territori catal\u00e0 durant tot un any, i abans de publicar el seu segon disc, la banda Sotrac, amb components de Llagostera i Sant Feliu de Gu\u00edxols va venir actuar en format trio al Bar Casa Irla.<\/p>\n<p>\u00a0Ja fa m\u00e9s de cinc anys que volten pels escenaris. Primer com a grup de versions, per\u00f2 despr\u00e9s amb el seu primer LP: &#8220;Sota el roure&#8221; publicat a l&#8217;any 2017.<\/p>\n<p>Amb unes lletres, que expliquen hist\u00f2ries quotidianes, fan que la seva m\u00fasica arribi a tothom i que qualsevol es pugui sentir identificat.<\/p>\n<p>\u00a0<\/p>\n","protected":false},"excerpt":{"rendered":"<p>La banda de pop-rock Sotrac va actuar el passat diumenge al migdia a la Casa Irla per amenitzant aix\u00ed els vermuts que es poden gaudir al Bar Casa Irla.<\/p>\n","protected":false},"author":1,"featured_media":1049,"comment_status":"closed","ping_status":"closed","sticky":false,"template":"","format":"standard","meta":{"footnotes":""},"categories":[1],"tags":[],"class_list":["post-1047","post","type-post","status-publish","format-standard","has-post-thumbnail","hentry","category-general"],"_links":{"self":[{"href":"https:\/\/irla.cat\/casairla\/wp-json\/wp\/v2\/posts\/1047","targetHints":{"allow":["GET"]}}],"collection":[{"href":"https:\/\/irla.cat\/casairla\/wp-json\/wp\/v2\/posts"}],"about":[{"href":"https:\/\/irla.cat\/casairla\/wp-json\/wp\/v2\/types\/post"}],"author":[{"embeddable":true,"href":"https:\/\/irla.cat\/casairla\/wp-json\/wp\/v2\/users\/1"}],"replies":[{"embeddable":true,"href":"https:\/\/irla.cat\/casairla\/wp-json\/wp\/v2\/comments?post=1047"}],"version-history":[{"count":4,"href":"https:\/\/irla.cat\/casairla\/wp-json\/wp\/v2\/posts\/1047\/revisions"}],"predecessor-version":[{"id":1053,"href":"https:\/\/irla.cat\/casairla\/wp-json\/wp\/v2\/posts\/1047\/revisions\/1053"}],"wp:featuredmedia":[{"embeddable":true,"href":"https:\/\/irla.cat\/casairla\/wp-json\/wp\/v2\/media\/1049"}],"wp:attachment":[{"href":"https:\/\/irla.cat\/casairla\/wp-json\/wp\/v2\/media?parent=1047"}],"wp:term":[{"taxonomy":"category","embeddable":true,"href":"https:\/\/irla.cat\/casairla\/wp-json\/wp\/v2\/categories?post=1047"},{"taxonomy":"post_tag","embeddable":true,"href":"https:\/\/irla.cat\/casairla\/wp-json\/wp\/v2\/tags?post=1047"}],"curies":[{"name":"wp","href":"https:\/\/api.w.org\/{rel}","templated":true}]}}