{"id":1042,"date":"2020-01-13T11:26:00","date_gmt":"2020-01-13T10:26:00","guid":{"rendered":"https:\/\/irla.cat\/casairla\/?p=1042"},"modified":"2020-01-14T11:36:05","modified_gmt":"2020-01-14T10:36:05","slug":"inaugurada-lexposicio-geografies-de-la-intimitat-de-iratxe-cano","status":"publish","type":"post","link":"https:\/\/irla.cat\/casairla\/2020\/01\/13\/inaugurada-lexposicio-geografies-de-la-intimitat-de-iratxe-cano\/","title":{"rendered":"Inaugurada l&#8217;exposici\u00f3 &#8220;Geografies de la intimitat&#8221; de Iratxe Ca\u00f1o"},"content":{"rendered":"\n<div>Dissabte 11 de gener es va fer a la Casa Irla la inauguraci\u00f3 de la programaci\u00f3 Hivern-Primavera 2020 amb l\u2019exposici\u00f3 d&#8217;Iratxe Ca\u00f1o que porta per t\u00edtol \u201cGeografies de la intimitat\u201d.<\/div>\n<div>\u00a0<\/div>\n<div>Al vernissatge, que va anar a c\u00e0rrec de l&#8217;autora es van poder veure les obres d&#8217;Iratxe Ca\u00f1o on busca la<span style=\"font-size: 1rem;\"> recerca continua dels paisatges interiors i el mar com un referent i com a un origen i horitz\u00f3.<\/span><\/div>\n<div>\n<div>\u00a0<\/div>\n<div>L&#8217;obra d&#8217;Iratxe Ca\u00f1o es podr\u00e0 veure a la Casa Irla fins el 8 de mar\u00e7.<\/div>\n<div>\u00a0<\/div>\n<\/div>\n","protected":false},"excerpt":{"rendered":"<p>Dissabte 11 de gener es va fer a la Casa Irla la inauguraci\u00f3 de la programaci\u00f3 Hivern-Primavera 2020 amb l\u2019exposici\u00f3 d&#8217;Iratxe Ca\u00f1o que porta per t\u00edtol \u201cGeografies de la intimitat\u201d.<\/p>\n","protected":false},"author":1,"featured_media":1045,"comment_status":"closed","ping_status":"closed","sticky":false,"template":"","format":"standard","meta":{"footnotes":""},"categories":[1],"tags":[],"class_list":["post-1042","post","type-post","status-publish","format-standard","has-post-thumbnail","hentry","category-general"],"_links":{"self":[{"href":"https:\/\/irla.cat\/casairla\/wp-json\/wp\/v2\/posts\/1042","targetHints":{"allow":["GET"]}}],"collection":[{"href":"https:\/\/irla.cat\/casairla\/wp-json\/wp\/v2\/posts"}],"about":[{"href":"https:\/\/irla.cat\/casairla\/wp-json\/wp\/v2\/types\/post"}],"author":[{"embeddable":true,"href":"https:\/\/irla.cat\/casairla\/wp-json\/wp\/v2\/users\/1"}],"replies":[{"embeddable":true,"href":"https:\/\/irla.cat\/casairla\/wp-json\/wp\/v2\/comments?post=1042"}],"version-history":[{"count":2,"href":"https:\/\/irla.cat\/casairla\/wp-json\/wp\/v2\/posts\/1042\/revisions"}],"predecessor-version":[{"id":1046,"href":"https:\/\/irla.cat\/casairla\/wp-json\/wp\/v2\/posts\/1042\/revisions\/1046"}],"wp:featuredmedia":[{"embeddable":true,"href":"https:\/\/irla.cat\/casairla\/wp-json\/wp\/v2\/media\/1045"}],"wp:attachment":[{"href":"https:\/\/irla.cat\/casairla\/wp-json\/wp\/v2\/media?parent=1042"}],"wp:term":[{"taxonomy":"category","embeddable":true,"href":"https:\/\/irla.cat\/casairla\/wp-json\/wp\/v2\/categories?post=1042"},{"taxonomy":"post_tag","embeddable":true,"href":"https:\/\/irla.cat\/casairla\/wp-json\/wp\/v2\/tags?post=1042"}],"curies":[{"name":"wp","href":"https:\/\/api.w.org\/{rel}","templated":true}]}}