{"id":1032,"date":"2020-01-14T10:00:00","date_gmt":"2020-01-14T09:00:00","guid":{"rendered":"https:\/\/irla.cat\/casairla\/?p=1032"},"modified":"2020-01-09T11:16:08","modified_gmt":"2020-01-09T10:16:08","slug":"presentacio-del-llibre-ho-tornarem-a-fer-de-jordi-cuixart","status":"publish","type":"post","link":"https:\/\/irla.cat\/casairla\/2020\/01\/14\/presentacio-del-llibre-ho-tornarem-a-fer-de-jordi-cuixart\/","title":{"rendered":"Presentaci\u00f3 del llibre &#8220;Ho tornarem a fer&#8221; de Jordi Cuixart"},"content":{"rendered":"\n<p>El proper dissabte dia 18 de gener a les 19 h presentarem el llibre &#8220;Ho tornarem a fer&#8221; de Jordi Cuixart a la Casa Irla amb les intervencions del Dr. Antoni Beltran i l&#8217;escriptor Toni Sala.<\/p>\n<div>\n<div>Jordi Cuixart, 10\u00e8 president d\u2019\u00d2mnium Cultural.<\/div>\n<div>\u00a0<\/div>\nQuan t\u2019han pres la llibertat fruit d\u2019una injust\u00edcia, qu\u00e8 et queda? Et queda la possibilitat d\u2019obeir la pr\u00f2pia consci\u00e8ncia i no caure en la resignaci\u00f3 ni en la frustraci\u00f3.<\/div>\n<div>\u00a0<\/div>\n<div>Ni com a persona ni com a poble. En Jordi Cuixart, ha decidit transformar la tristesa i la grisor d\u2019una cel\u00b7la en el millor altaveu de la lluita compartida per l\u2019autodeterminaci\u00f3 i els drets humans.<\/div>\n<div>\u00a0<\/div>\n<div>Ens convida a no defallir, a protestar&#8230; i a la mobilitzaci\u00f3 permanent no violenta. Perqu\u00e8 quan la injust\u00edcia \u00e9s la llei, la desobedi\u00e8ncia civil \u00e9s un dret.<\/div>\n<div>\u00a0<\/div>\n<div>\u00a0<\/div>\n<div><img loading=\"lazy\" decoding=\"async\" class=\"size-medium wp-image-1033 alignleft\" src=\"https:\/\/irla.cat\/casairla\/wp-content\/uploads\/2020\/01\/HO-TORNAREM-A-FER-BLANC-300x300.jpg\" alt=\"\" width=\"300\" height=\"300\" srcset=\"https:\/\/irla.cat\/casairla\/wp-content\/uploads\/2020\/01\/HO-TORNAREM-A-FER-BLANC-300x300.jpg 300w, https:\/\/irla.cat\/casairla\/wp-content\/uploads\/2020\/01\/HO-TORNAREM-A-FER-BLANC-150x150.jpg 150w, https:\/\/irla.cat\/casairla\/wp-content\/uploads\/2020\/01\/HO-TORNAREM-A-FER-BLANC.jpg 432w\" sizes=\"auto, (max-width: 300px) 100vw, 300px\" \/><\/div>\n","protected":false},"excerpt":{"rendered":"<p>El proper dissabte dia 18 de gener a les 19 h presentarem el llibre &#8220;Ho tornarem a fer&#8221; de Jordi Cuixart a la Casa Irla amb les intervencions del Dr. Antoni Beltran i l&#8217;escriptor Toni Sala.<\/p>\n","protected":false},"author":1,"featured_media":1034,"comment_status":"closed","ping_status":"closed","sticky":false,"template":"","format":"standard","meta":{"footnotes":""},"categories":[1],"tags":[],"class_list":["post-1032","post","type-post","status-publish","format-standard","has-post-thumbnail","hentry","category-general"],"_links":{"self":[{"href":"https:\/\/irla.cat\/casairla\/wp-json\/wp\/v2\/posts\/1032","targetHints":{"allow":["GET"]}}],"collection":[{"href":"https:\/\/irla.cat\/casairla\/wp-json\/wp\/v2\/posts"}],"about":[{"href":"https:\/\/irla.cat\/casairla\/wp-json\/wp\/v2\/types\/post"}],"author":[{"embeddable":true,"href":"https:\/\/irla.cat\/casairla\/wp-json\/wp\/v2\/users\/1"}],"replies":[{"embeddable":true,"href":"https:\/\/irla.cat\/casairla\/wp-json\/wp\/v2\/comments?post=1032"}],"version-history":[{"count":1,"href":"https:\/\/irla.cat\/casairla\/wp-json\/wp\/v2\/posts\/1032\/revisions"}],"predecessor-version":[{"id":1035,"href":"https:\/\/irla.cat\/casairla\/wp-json\/wp\/v2\/posts\/1032\/revisions\/1035"}],"wp:featuredmedia":[{"embeddable":true,"href":"https:\/\/irla.cat\/casairla\/wp-json\/wp\/v2\/media\/1034"}],"wp:attachment":[{"href":"https:\/\/irla.cat\/casairla\/wp-json\/wp\/v2\/media?parent=1032"}],"wp:term":[{"taxonomy":"category","embeddable":true,"href":"https:\/\/irla.cat\/casairla\/wp-json\/wp\/v2\/categories?post=1032"},{"taxonomy":"post_tag","embeddable":true,"href":"https:\/\/irla.cat\/casairla\/wp-json\/wp\/v2\/tags?post=1032"}],"curies":[{"name":"wp","href":"https:\/\/api.w.org\/{rel}","templated":true}]}}