{"id":1026,"date":"2020-01-09T11:09:14","date_gmt":"2020-01-09T10:09:14","guid":{"rendered":"https:\/\/irla.cat\/casairla\/?p=1026"},"modified":"2020-01-09T11:10:35","modified_gmt":"2020-01-09T10:10:35","slug":"inauguracio-de-lexposicio-geografies-de-la-intimitat-iratxe-cano","status":"publish","type":"post","link":"https:\/\/irla.cat\/casairla\/2020\/01\/09\/inauguracio-de-lexposicio-geografies-de-la-intimitat-iratxe-cano\/","title":{"rendered":"Inauguraci\u00f3 de l&#8217;exposici\u00f3 &#8220;Geografies de la intimitat&#8221; Iratxe Ca\u00f1o"},"content":{"rendered":"\n<div>El proper dissabte dia 11 de gener a les 19 h inaugurem la programaci\u00f3 Hivern-Primavera 2020 amb l&#8217;exposici\u00f3 de Iratxe Ca\u00f1o que porta per t\u00edtol &#8220;Geografies de la intimitat&#8221;.<\/div>\n<div>\u00a0<\/div>\n<div>\n<div>En la meva recerca continua dels paisatges interiors, el mar \u00e9s un referent com a origen i horitz\u00f3 (sempre inabastable) per seguir avan\u00e7ant.<\/div>\n<div>\u00a0<\/div>\n<div>Mars protagonistes de les meves pintures en un recorregut en el qual la mirada descobreix colors, reflexos, moviment, empremtes, llums &#8230;i ombres que delaten a la vegada pres\u00e8ncia i abs\u00e8ncia. Ombres que sempre ens acompanyen, encara que no siguin visibles.<\/div>\n<div>\u00a0<\/div>\n<div>Ombres que tan sols podem intentar capturar a trav\u00e9s de l\u2019acte ef\u00edmer, i alhora etern, de la creaci\u00f3, per\u00f2 que no existirien sense una mat\u00e8ria que delimiti les seves formes.<\/div>\n<div>\u00a0<\/div>\n<div>De l\u2019ombra sorgeix aquesta mat\u00e8ria que he necessitat plasmar a trav\u00e9s del cos, com a suport m\u00e9s \u00edntim de la nostra geografia vital.<\/div>\n<div>\u00a0<\/div>\n<div>Vernissatge el dissabte 11 de gener a les 19 h<\/div>\n<\/div>\n","protected":false},"excerpt":{"rendered":"<p>El proper dissabte dia 11 de gener a les 19 h inaugurem la programaci\u00f3 Hivern-Primavera 2020 amb l&#8217;exposici\u00f3 de Iratxe Ca\u00f1o que porta per t\u00edtol &#8220;Geografies de la intimitat&#8221;.<\/p>\n","protected":false},"author":1,"featured_media":1027,"comment_status":"closed","ping_status":"closed","sticky":false,"template":"","format":"standard","meta":{"footnotes":""},"categories":[1],"tags":[],"class_list":["post-1026","post","type-post","status-publish","format-standard","has-post-thumbnail","hentry","category-general"],"_links":{"self":[{"href":"https:\/\/irla.cat\/casairla\/wp-json\/wp\/v2\/posts\/1026","targetHints":{"allow":["GET"]}}],"collection":[{"href":"https:\/\/irla.cat\/casairla\/wp-json\/wp\/v2\/posts"}],"about":[{"href":"https:\/\/irla.cat\/casairla\/wp-json\/wp\/v2\/types\/post"}],"author":[{"embeddable":true,"href":"https:\/\/irla.cat\/casairla\/wp-json\/wp\/v2\/users\/1"}],"replies":[{"embeddable":true,"href":"https:\/\/irla.cat\/casairla\/wp-json\/wp\/v2\/comments?post=1026"}],"version-history":[{"count":4,"href":"https:\/\/irla.cat\/casairla\/wp-json\/wp\/v2\/posts\/1026\/revisions"}],"predecessor-version":[{"id":1031,"href":"https:\/\/irla.cat\/casairla\/wp-json\/wp\/v2\/posts\/1026\/revisions\/1031"}],"wp:featuredmedia":[{"embeddable":true,"href":"https:\/\/irla.cat\/casairla\/wp-json\/wp\/v2\/media\/1027"}],"wp:attachment":[{"href":"https:\/\/irla.cat\/casairla\/wp-json\/wp\/v2\/media?parent=1026"}],"wp:term":[{"taxonomy":"category","embeddable":true,"href":"https:\/\/irla.cat\/casairla\/wp-json\/wp\/v2\/categories?post=1026"},{"taxonomy":"post_tag","embeddable":true,"href":"https:\/\/irla.cat\/casairla\/wp-json\/wp\/v2\/tags?post=1026"}],"curies":[{"name":"wp","href":"https:\/\/api.w.org\/{rel}","templated":true}]}}