{"id":1011,"date":"2019-12-02T12:41:35","date_gmt":"2019-12-02T11:41:35","guid":{"rendered":"https:\/\/irla.cat\/casairla\/?p=1011"},"modified":"2019-12-02T12:44:05","modified_gmt":"2019-12-02T11:44:05","slug":"joan-gasull-presenta-el-proper-dissabte-14-de-desembre-el-llibre-apatrida","status":"publish","type":"post","link":"https:\/\/irla.cat\/casairla\/2019\/12\/02\/joan-gasull-presenta-el-proper-dissabte-14-de-desembre-el-llibre-apatrida\/","title":{"rendered":"Joan Gasull presenta el proper dissabte 14 de desembre el llibre &#8220;Ap\u00e0trida&#8221;"},"content":{"rendered":"\n<div>El proper dissabte dia 14 de desembre a les 19 h presentem a la Casa Irla el recull de poesies titulat &#8220;Ap\u00e0trida&#8221; de Joan Gasull. La presentaci\u00f3 del llibre anir\u00e0 a c\u00e0rrec de Jordi Vil\u00e0.<\/div>\n<div>\u00a0<\/div>\n<div>Les reflexions liter\u00e0ries que ens fa Joan Gasull s\u00f3n fruit del busseig pes sentiments d&#8217;identitat -p\u00e0tria, fam\u00edlia, societat&#8230;- del jove saharaui que ha pogut observar de prop mentre transita cap a la plena joventut.<\/div>\n<div>\u00a0<\/div>\n<div>S\u00f3n meditacions perfectament universals malgrat que s&#8217;inspiren en el cas concret d&#8217;una persona despla\u00e7ada del seu entorn &#8211; avui dia un fet tan corrent i a vegades tan dram\u00e0tic.<\/div>\n<div>\u00a0<\/div>\n<div>Meditacions a les quals invita als qui no ha hagut de passar pel tr\u00e0ngol de plantejar-se com avan\u00e7ar entre crisis d&#8217;identitat i contradiccions mentre intenten trobar-se: qui s\u00f3n, quina p\u00e0tria o quina fam\u00edlia tenen, fins a quin punt l&#8217;entorn amical i social els ha configurat<\/div>\n<div>\u00a0<\/div>\n","protected":false},"excerpt":{"rendered":"<p>El proper dissabte dia 14 de desembre a les 19 h presentem a la Casa Irla el recull de poesies titulat &#8220;Ap\u00e0trida&#8221; de Joan Gasull. La presentaci\u00f3 del llibre anir\u00e0 a c\u00e0rrec de Jordi Vil\u00e0.<\/p>\n","protected":false},"author":1,"featured_media":1012,"comment_status":"closed","ping_status":"closed","sticky":false,"template":"","format":"standard","meta":{"footnotes":""},"categories":[1],"tags":[],"class_list":["post-1011","post","type-post","status-publish","format-standard","has-post-thumbnail","hentry","category-general"],"_links":{"self":[{"href":"https:\/\/irla.cat\/casairla\/wp-json\/wp\/v2\/posts\/1011","targetHints":{"allow":["GET"]}}],"collection":[{"href":"https:\/\/irla.cat\/casairla\/wp-json\/wp\/v2\/posts"}],"about":[{"href":"https:\/\/irla.cat\/casairla\/wp-json\/wp\/v2\/types\/post"}],"author":[{"embeddable":true,"href":"https:\/\/irla.cat\/casairla\/wp-json\/wp\/v2\/users\/1"}],"replies":[{"embeddable":true,"href":"https:\/\/irla.cat\/casairla\/wp-json\/wp\/v2\/comments?post=1011"}],"version-history":[{"count":5,"href":"https:\/\/irla.cat\/casairla\/wp-json\/wp\/v2\/posts\/1011\/revisions"}],"predecessor-version":[{"id":1017,"href":"https:\/\/irla.cat\/casairla\/wp-json\/wp\/v2\/posts\/1011\/revisions\/1017"}],"wp:featuredmedia":[{"embeddable":true,"href":"https:\/\/irla.cat\/casairla\/wp-json\/wp\/v2\/media\/1012"}],"wp:attachment":[{"href":"https:\/\/irla.cat\/casairla\/wp-json\/wp\/v2\/media?parent=1011"}],"wp:term":[{"taxonomy":"category","embeddable":true,"href":"https:\/\/irla.cat\/casairla\/wp-json\/wp\/v2\/categories?post=1011"},{"taxonomy":"post_tag","embeddable":true,"href":"https:\/\/irla.cat\/casairla\/wp-json\/wp\/v2\/tags?post=1011"}],"curies":[{"name":"wp","href":"https:\/\/api.w.org\/{rel}","templated":true}]}}