{"id":1007,"date":"2019-11-21T09:15:58","date_gmt":"2019-11-21T08:15:58","guid":{"rendered":"https:\/\/irla.cat\/casairla\/?p=1007"},"modified":"2019-11-21T09:16:01","modified_gmt":"2019-11-21T08:16:01","slug":"rafel-nadal-presenta-aquest-dissabte-23-de-novembre-el-fill-de-litalia","status":"publish","type":"post","link":"https:\/\/irla.cat\/casairla\/2019\/11\/21\/rafel-nadal-presenta-aquest-dissabte-23-de-novembre-el-fill-de-litalia\/","title":{"rendered":"Rafel Nadal presenta aquest dissabte 23 de novembre &#8220;El fill de l&#8217;itali\u00e0&#8221;"},"content":{"rendered":"\n<p>Dissabte 23 de novembre a les 19 h a la Casa Irla-Fundaci\u00f3 Josep Irla de Sant Feliu de Gu\u00edxols presentarem el llibre de Rafel Nadal, Premi Ram\u00f3n Llull 2019, &#8220;El fill de l&#8217;itali\u00e0&#8221;.<\/p>\n<div>En Mateu creix en una fam\u00edlia trencada que no se sent seva. Des de petit lluita per deixar enrere els crits, les baralles i la mis\u00e8ria de la Mina, la casa m\u00e9s pobra de Caldes de Malavella, la que tothom evita. Aviat descobreix que els seus or\u00edgens s\u2019amaguen darrere d\u2019un secret del qual ning\u00fa parla per\u00f2 que coneix tothom: el poble marcat per l\u2019odissea d\u2019un miler de joves mariners italians que s\u2019hi van refugiar en<\/div>\n<div>plena Segona Guerra Mundial.<\/div>\n<div>\u00a0<\/div>\n<div>S\u00f3n els supervivents de l\u2019enfonsament del cuirassat Roma, bombardejat pels alemanys el 9 de setembre de 1943 en venjan\u00e7a per l\u2019armistici entre It\u00e0lia i els aliats.<\/div>\n<div>\u00a0<\/div>\n<div>Seixanta anys despr\u00e9s, en Mateu decideix buscar el seu pare i comen\u00e7a a fer-se preguntes: qui era aquell noi que xiulava can\u00e7ons napolitanes i duia a rentar la roba a la seva mare? Quins eren els somnis de la Joana, que plantava clavells de poeta per escapar d\u2019un marit bosquet\u00e0 que no parava mai a casa?<\/div>\n<div>\u00a0<\/div>\n","protected":false},"excerpt":{"rendered":"<p>Dissabte 23 de novembre a les 19 h a la Casa Irla-Fundaci\u00f3 Josep Irla de Sant Feliu de Gu\u00edxols presentarem el llibre de Rafel Nadal, Premi Ram\u00f3n Llull 2019, &#8220;El fill de l&#8217;itali\u00e0&#8221;.<\/p>\n","protected":false},"author":1,"featured_media":1008,"comment_status":"closed","ping_status":"closed","sticky":false,"template":"","format":"standard","meta":{"footnotes":""},"categories":[1],"tags":[],"class_list":["post-1007","post","type-post","status-publish","format-standard","has-post-thumbnail","hentry","category-general"],"_links":{"self":[{"href":"https:\/\/irla.cat\/casairla\/wp-json\/wp\/v2\/posts\/1007","targetHints":{"allow":["GET"]}}],"collection":[{"href":"https:\/\/irla.cat\/casairla\/wp-json\/wp\/v2\/posts"}],"about":[{"href":"https:\/\/irla.cat\/casairla\/wp-json\/wp\/v2\/types\/post"}],"author":[{"embeddable":true,"href":"https:\/\/irla.cat\/casairla\/wp-json\/wp\/v2\/users\/1"}],"replies":[{"embeddable":true,"href":"https:\/\/irla.cat\/casairla\/wp-json\/wp\/v2\/comments?post=1007"}],"version-history":[{"count":1,"href":"https:\/\/irla.cat\/casairla\/wp-json\/wp\/v2\/posts\/1007\/revisions"}],"predecessor-version":[{"id":1009,"href":"https:\/\/irla.cat\/casairla\/wp-json\/wp\/v2\/posts\/1007\/revisions\/1009"}],"wp:featuredmedia":[{"embeddable":true,"href":"https:\/\/irla.cat\/casairla\/wp-json\/wp\/v2\/media\/1008"}],"wp:attachment":[{"href":"https:\/\/irla.cat\/casairla\/wp-json\/wp\/v2\/media?parent=1007"}],"wp:term":[{"taxonomy":"category","embeddable":true,"href":"https:\/\/irla.cat\/casairla\/wp-json\/wp\/v2\/categories?post=1007"},{"taxonomy":"post_tag","embeddable":true,"href":"https:\/\/irla.cat\/casairla\/wp-json\/wp\/v2\/tags?post=1007"}],"curies":[{"name":"wp","href":"https:\/\/api.w.org\/{rel}","templated":true}]}}